{"id":94,"date":"2018-03-04T17:00:37","date_gmt":"2018-03-04T17:00:37","guid":{"rendered":"https:\/\/landofhope.org\/weblog\/?p=94"},"modified":"2025-03-09T12:59:09","modified_gmt":"2025-03-09T11:59:09","slug":"una-asignatura-llamada-empatia","status":"publish","type":"post","link":"https:\/\/www.landofhope.org\/weblog\/2018\/03\/04\/una-asignatura-llamada-empatia\/","title":{"rendered":"UNA ASIGNATURA LLAMADA EMPAT\u00cdA"},"content":{"rendered":"<h1 class=\"page-title\">UNA ASIGNATURA LLAMADA EMPAT\u00cdA<\/h1>\n<p>La importancia de la inteligencia emocional en ni\u00f1os.<\/p>\n<p>El Gobierno de Canarias implanta este a\u00f1o por primera vez en los colegios la asignatura de<em><strong>\u00a0Educaci\u00f3n Emocional y para la Creatividad,<\/strong><\/em>\u00a0que ser\u00e1 materia obligatoria para alumnos de 1\u00ba, 2\u00ba, 3\u00ba y 4\u00ba de Primaria, entre seis y nueve a\u00f1os de edad. Su objetivo se basa en\u00a0<strong>desarrollar la capacidad de gestionar de manera eficiente los sentimientos<\/strong>\u00a0utilizando en parte la raz\u00f3n, reconocer y expresar las propias emociones, as\u00ed como tolerarlas y la desarrollar la capacidad de regular, controlar y utilizar de forma productiva nuestras propias emociones, seg\u00fan detalla el informe t\u00e9cnico que explica la raz\u00f3n de ser de la asignatura.<\/p>\n<p>Esta acci\u00f3n y nueva asignatura en la educaci\u00f3n de los m\u00e1s peque\u00f1os es un reflejo del\u00a0<strong>cambio de conciencia que se est\u00e1 haciendo respecto a la importancia que tiene educar en emociones a los ni\u00f1os<\/strong>, y la conciencia el mayor beneficio y bienestar adquirido cuando \u00e9stos se hacen adultos con este tipo de educaci\u00f3n.<\/p>\n<p>Los alumnos de siete a\u00f1os del colegio p\u00fablico Tinguaro de Vecindario (Gran Canaria) llevan dos semanas aprendiendo sobre el miedo. Sentados en el suelo del aula formando un c\u00edrculo, los 25 chicos y chicas de 2\u00ba B hablan de monstruos, de ara\u00f1as y de otras cosas que les hacen temblar.<\/p>\n<p>La clase va precisamente de eso, de que los ni\u00f1os revelen, proyecten o reconozcan sus sentimientos, de que los observen y los modelen como si fueran plastilina, de que aprendan a ver dentro de<\/p>\n<p>s\u00ed mismos. La premisa de los profesores, Virginia Santana y David Garc\u00eda, se basa en que<strong>\u00a0es m\u00e1s f\u00e1cil entender y manejar una emoci\u00f3n si \u00e9sta se visibiliza.<\/strong><\/p>\n<p><strong>La importancia de la inteligencia emocional en ni\u00f1os.<br \/>\n<\/strong><\/p>\n<p>Nuestra sociedad tradicionalmente ha valorado y centrado su atenci\u00f3n en la inteligencia en s\u00ed. La persona inteligente acad\u00e9micamente se presupon\u00eda que alcanzar\u00eda el \u00e9xito profesional y as\u00ed conseguir\u00eda el estatus, estabilidad, dinero y dem\u00e1s valores inculcados como v\u00edas para ser feliz.\u00a0<strong>Esta tradici\u00f3n acad\u00e9mica ha ignorado por completo el plano emocional en la educaci\u00f3n<\/strong>,\u00a0<strong>no es solo la inteli<\/strong><strong>gencia lo que garantiza el \u00e9xito, sino la forma en la que podemos conocer nuestros estados internos,<\/strong>\u00a0regularlos, sacar beneficio de ellos y no dejarnos llevar por el descontrol\u00a0que puede suponer no conocer suficientemente bien nuestras emociones (impulsividad, ansiedad, miedos, frustraciones\u2026etc.)<\/p>\n<p>La inteligencia ayuda pero no garantiza el \u00e9xito, no facilita la felicidad, es m\u00e1s, a veces hasta se dice que el ignorante es el m\u00e1s feliz. Y tal y como dice\u00a0<strong>Daniel Goleman,<\/strong>\u00a0padre de la inteligencia emocional\u00a0<em>La inteligencia acad\u00e9mica no ofrece la menor preparaci\u00f3n para la multitud de dificultades \u2013o de oportunidades\u2013 a la que deberemos enfrentarnos a lo largo de nuestra vida.<\/em><\/p>\n<p><em>Montserrat G\u00e1lvez<\/em>, responsable del Servicio de Ordenaci\u00f3n Educativa de la Consejer\u00eda de Educaci\u00f3n del Gobierno de Canarias y coordinadora del equipo que ha elaborado el curr\u00edculum de esta asignatura afirma que \u201c<em>La escuela no puede ignorar que las emociones forman parte del ser humano y deben estar presentes expl\u00edcitamente en el curr\u00edculo<\/em>\u201d Dice el informe de educaci\u00f3n canaria. \u201c<em>Para poder gestionar adecuada y eficazmente esa esencia de lo que somos, hay que aprenderlo. Las emociones son educables y se necesita de un espacio y un tiempo espec\u00edfico para que este aprendizaje se produzca\u201d.<\/em><\/p>\n<p><strong>Esta nueva educaci\u00f3n centrada en las emociones, proporcionar\u00e1 a las pr\u00f3ximas generaciones nuevas formas de resolver futuros conflictos, nuevas formas de relacionarse con los dem\u00e1s y de aceptar c\u00f3mo somos y c\u00f3mo nos sentimos<\/strong>. Esta inteligencia emocional, es definida as\u00ed por Goleman como:<\/p>\n<blockquote><p><em>La inteligencia emocional, permite tomar consciencia de nuestras propias emociones, comprender los sentimientos de los dem\u00e1s, tolerar las presiones y frustraciones que se soportan en el trabajo<\/em><em>; as\u00ed como, acentuar la capacidad de trabajar en equipo y adoptar una actitud emp\u00e1tica y social, que brindar\u00e1 m\u00e1s posibilidades de desarrollo social<\/em><\/p><\/blockquote>\n<p><strong>La Inteligencia Emocional se define como la habilidad de las personas para atender y percibir los sentimientos de forma apropiada y precisa, la capacidad para asimilarlos y comprenderlos de manera adecuada y la destreza para regular y modificar nuestro estado de \u00e1nimo o la comprensi\u00f3n del de los dem\u00e1s.<\/strong><\/p>\n<p>As\u00ed pues, esta nueva asignatura que ya se est\u00e1 impartiendo en las aulas y que auguramos ofrecer\u00e1 nuevos desarrollos consta de tres partes, que van en la l\u00ednea de las teor\u00edas de Mayer y Salovey:<\/p>\n<ul>\n<li>La primera se refiere a la\u00a0<strong>alfabetizaci\u00f3n emocional<\/strong>\u00a0y pretende que los alumnos conozcan lo que sienten al tiempo que atienden las emociones de sus compa\u00f1eros, ser capaces de verbalizarlos, de aceptarlo e identificar sus causas.<\/li>\n<li>La segunda es la llamada\u00a0<strong>regulaci\u00f3n emocional<\/strong>, que les ense\u00f1a a relacionarse y a resolver conflictos, as\u00ed como la comprensi\u00f3n de integrar lo que sentimos dentro de nuestro pensamiento y saber considerar as\u00ed la situaci\u00f3n, y el manejo de las emociones tanto positivas como negativas de forma eficaz.<\/li>\n<li>La tercera es\u00a0<strong>la creatividad y la resoluci\u00f3n de problemas y conflictos<\/strong>\u00a0mediante \u00e9sta, junto con las capacidades y habilidades adquiridas en los dos puntos anteriores.<\/li>\n<\/ul>\n<p>Estas habilidades est\u00e1n enlazadas de forma que para una adecuada regulaci\u00f3n emocional es necesaria una buena comprensi\u00f3n emocional y, a su vez, para una comprensi\u00f3n eficaz requerimos de una apropiada percepci\u00f3n emocional.<\/p>\n<p>Estos profesores pues les ense\u00f1an a los ni\u00f1os a ser aut\u00f3nomos, conscientes de sus necesidades y emociones, a dar las gracias, a responder asertivamente ante conflictos y situaciones, a mirar siempre a los ojos del interlocutor y as\u00ed desarrollar habilidades sociales entre los alumnos y finalmente a poner palabras a lo que van sintiendo, para as\u00ed aceptarse, conseguir que los otros, mediante tolerancia, tambi\u00e9n les acepten y en definitiva, a ganar un mayor bienestar personal e interpersonal en las aulas.<br \/>\n<strong>\u00bfY todo esto qu\u00e9 provoca en los cr\u00edos?<\/strong>\u00a0<em>Estos alumnos van a saber reconocer sus propias emociones y van a poder controlarlas, que no es reprimirlas, sino ser conscientes de ellas.\u00a0<\/em>Afirman los educadores.<\/p>\n<p>Si quieren saber m\u00e1s, les animo a ver la noticia en el siguiente enlace:<\/p>\n<div>\n<div style=\"width: 525px;\" class=\"wp-video\"><video class=\"wp-video-shortcode\" id=\"video-94-1\" width=\"525\" height=\"295\" preload=\"metadata\" controls=\"controls\"><source type=\"video\/mp4\" src=\"https:\/\/landofhope.org\/BLOG\/wp-content\/uploads\/2018\/03\/1415891595043.mp4?_=1\" \/><a href=\"https:\/\/landofhope.org\/BLOG\/wp-content\/uploads\/2018\/03\/1415891595043.mp4\">https:\/\/landofhope.org\/BLOG\/wp-content\/uploads\/2018\/03\/1415891595043.mp4<\/a><\/video><\/div>\n<\/div>\n<div>\n<h6><img loading=\"lazy\" decoding=\"async\" class=\"\" src=\"http:\/\/img.irtve.es\/css\/rtve.commons\/rtve.header.footer\/i\/logoRTVEes.png\" width=\"103\" height=\"37\" \/><em><a title=\"Clases de empat\u00eda en Canarias\" href=\"http:\/\/www.rtve.es\/alacarta\/videos\/telediario\/algunos-colegios-canarias-han-empezado-impartir-clases-empatia-alumnos-primaria\/2858261\/\"><strong>Clases de empat\u00eda en Canarias<\/strong><\/a><\/em><\/h6>\n<\/div>\n<p>Fuente:\u00a0<a href=\"http:\/\/beatrizcerezo.com\/una-asignatura-llamada-empatia\/\">www.beatrizcerezo.com\/una-asignatura-llamada-empatia\/<\/a><\/p>\n","protected":false},"excerpt":{"rendered":"<p>UNA ASIGNATURA LLAMADA EMPAT\u00cdA La importancia de la inteligencia emocional en ni\u00f1os. El Gobierno de Canarias implanta este a\u00f1o por primera vez en los colegios la asignatura de\u00a0Educaci\u00f3n Emocional y para la Creatividad,\u00a0que ser\u00e1 materia obligatoria para alumnos de 1\u00ba, 2\u00ba, 3\u00ba y 4\u00ba de Primaria, entre seis y nueve a\u00f1os de edad. Su objetivo [&hellip;]<\/p>\n","protected":false},"author":1,"featured_media":96,"comment_status":"open","ping_status":"open","sticky":false,"template":"","format":"standard","meta":{"_jetpack_memberships_contains_paid_content":false,"footnotes":""},"categories":[5,6],"tags":[],"class_list":["post-94","post","type-post","status-publish","format-standard","has-post-thumbnail","hentry","category-educacion-emocional","category-educacion-en-valores"],"jetpack_featured_media_url":"https:\/\/www.landofhope.org\/weblog\/wp-content\/uploads\/2018\/03\/empatia007.jpg","jetpack_sharing_enabled":true,"jetpack-related-posts":[],"jetpack_shortlink":"https:\/\/wp.me\/pbkVhX-1w","_links":{"self":[{"href":"https:\/\/www.landofhope.org\/weblog\/wp-json\/wp\/v2\/posts\/94","targetHints":{"allow":["GET"]}}],"collection":[{"href":"https:\/\/www.landofhope.org\/weblog\/wp-json\/wp\/v2\/posts"}],"about":[{"href":"https:\/\/www.landofhope.org\/weblog\/wp-json\/wp\/v2\/types\/post"}],"author":[{"embeddable":true,"href":"https:\/\/www.landofhope.org\/weblog\/wp-json\/wp\/v2\/users\/1"}],"replies":[{"embeddable":true,"href":"https:\/\/www.landofhope.org\/weblog\/wp-json\/wp\/v2\/comments?post=94"}],"version-history":[{"count":2,"href":"https:\/\/www.landofhope.org\/weblog\/wp-json\/wp\/v2\/posts\/94\/revisions"}],"predecessor-version":[{"id":1192,"href":"https:\/\/www.landofhope.org\/weblog\/wp-json\/wp\/v2\/posts\/94\/revisions\/1192"}],"wp:featuredmedia":[{"embeddable":true,"href":"https:\/\/www.landofhope.org\/weblog\/wp-json\/wp\/v2\/media\/96"}],"wp:attachment":[{"href":"https:\/\/www.landofhope.org\/weblog\/wp-json\/wp\/v2\/media?parent=94"}],"wp:term":[{"taxonomy":"category","embeddable":true,"href":"https:\/\/www.landofhope.org\/weblog\/wp-json\/wp\/v2\/categories?post=94"},{"taxonomy":"post_tag","embeddable":true,"href":"https:\/\/www.landofhope.org\/weblog\/wp-json\/wp\/v2\/tags?post=94"}],"curies":[{"name":"wp","href":"https:\/\/api.w.org\/{rel}","templated":true}]}}