{"id":569,"date":"2018-12-19T15:38:41","date_gmt":"2018-12-19T15:38:41","guid":{"rendered":"https:\/\/landofhope.org\/weblog\/?p=569"},"modified":"2025-03-07T23:40:09","modified_gmt":"2025-03-07T23:40:09","slug":"educar-para-la-paz","status":"publish","type":"post","link":"https:\/\/www.landofhope.org\/weblog\/2018\/12\/19\/educar-para-la-paz\/","title":{"rendered":"EDUCAR PARA LA PAZ"},"content":{"rendered":"\n<p class=\"has-medium-font-size\"><em>\u201cTodo el mundo habla de paz, pero nadie educa para la paz, la gente educa para la competencia y este es el principio de cualquier guerra. Cuando eduquemos para cooperar y ser solidarios unos con otros, ese d\u00eda estaremos educando para la paz\u201d<\/em><\/p>\n\n\n\n<p style=\"text-align:right\" class=\"has-medium-font-size\"><em>Mar\u00eda Montessori&nbsp;<\/em><\/p>\n\n\n\n<p><br><\/p>\n\n\n\n<p class=\"has-medium-font-size\">\u00bfEs posible un mundo sin guerra? \u00bfSin conflictos? Seg\u00fan Vicen\u00e7 Fisas, la educaci\u00f3n es un instrumento decisivo para llevar a cabo este cambio social, aunque como complemento a esta, resalta la importancia de la transformaci\u00f3n de los conflictos mediante el uso de la creatividad, el conocimiento, la comprensi\u00f3n, la solidaridad, la empat\u00eda y lo m\u00e1s importante, el di\u00e1logo, mediante el que se consigue la superaci\u00f3n de las dificultades para el logro de un beneficio com\u00fan para todos: una cultura de paz, opuesta totalmente a una cultura de violencia. <\/p>\n\n\n\n<p class=\"has-medium-font-size\">Pero, \u00bfQu\u00e9 es una cultura de Paz y c\u00f3mo se consigue? Francisca Sauquillo, fundadora de la ONG Movimiento por la Paz, explica que se deben propiciar ambientes para el desarrollo de unas habilidades que permitan a todas las personas convivir. Es por ello que se resalta el trabajo de las relaciones interpersonales y la educaci\u00f3n afectiva debe ser el principal punto de partida cuando se trata de desarrollar la capacidad comunicativa y la sensibilidad para conseguir una convivencia respetuosa y pac\u00edfica.<\/p>\n\n\n\n<p class=\"has-medium-font-size\">La teor\u00eda es clara, veamos ahora d\u00f3nde encontramos el punto de partida\u2026<\/p>\n\n\n\n<p class=\"has-medium-font-size\">Hablamos de educaci\u00f3n y de educar en valores tan importantes como la empat\u00eda, la solidaridad y el respeto, pero qui\u00e9n educa, c\u00f3mo educa y d\u00f3nde educa, pues la educaci\u00f3n para la paz es una educaci\u00f3n que engloba distintos ejes de trabajo y, por tanto, un trabajo duro y que no solo ata\u00f1e a una persona.<\/p>\n\n\n\n<p class=\"has-medium-font-size\">El primer eje, la familia. Ese grupo de personas que comparten algo en com\u00fan. Hablando en primera persona, tuve la suerte de nacer dentro de un contexto familiar estructurado y sencillo, en el que el Amor y el Cari\u00f1o fueron el eje central de mi educaci\u00f3n. Pero, \u00bfQu\u00e9 pasa cuando esto tambalea? A lo largo de mi vida he visto ejemplos de familias en las que la fuerza de los conflictos prevalec\u00eda sobre el Amor. El resultado: ni\u00f1os tristes que, en su mayor\u00eda, al convertirse en adultos hu\u00edan de todo problema y evitaban la relaci\u00f3n compleja con el mundo y la familia, pues este pilar y eje fundamental en la vida de los m\u00e1s peque\u00f1os estaba quebrado. <\/p>\n\n\n\n<p class=\"has-medium-font-size\">Como maestra, educadora o gu\u00eda puedo decir que gracias a mi familia soy la persona que soy. \u00bfEs importante pues, la transmisi\u00f3n de valores desde el seno familiar? Sin duda me atrevo a afirmarlo, pues poco puede hacer un maestro si la familia no lo acompa\u00f1a y es aqu\u00ed donde, en ocasiones, nacen los ni\u00f1os abandonados de esp\u00edritu.<\/p>\n\n\n\n<p><\/p>\n\n\n\n<p class=\"has-normal-font-size\">Texto: Judit Moya S\u00e1ez (LAND OF HOPE &#8211; PROJECT)<\/p>\n","protected":false},"excerpt":{"rendered":"<p>\u201cTodo el mundo habla de paz, pero nadie educa para la paz, la gente educa para la competencia y este es el principio de cualquier guerra. Cuando eduquemos para cooperar y ser solidarios unos con otros, ese d\u00eda estaremos educando para la paz\u201d Mar\u00eda Montessori&nbsp; \u00bfEs posible un mundo sin guerra? \u00bfSin conflictos? Seg\u00fan Vicen\u00e7 [&hellip;]<\/p>\n","protected":false},"author":1,"featured_media":573,"comment_status":"open","ping_status":"open","sticky":false,"template":"","format":"standard","meta":{"_jetpack_memberships_contains_paid_content":false,"footnotes":""},"categories":[4,6,11],"tags":[],"class_list":["post-569","post","type-post","status-publish","format-standard","has-post-thumbnail","hentry","category-educacion","category-educacion-en-valores","category-infancia"],"jetpack_featured_media_url":"https:\/\/www.landofhope.org\/weblog\/wp-content\/uploads\/2018\/12\/Sin-t\u00edtulo-1.jpg","jetpack_sharing_enabled":true,"jetpack-related-posts":[],"jetpack_shortlink":"https:\/\/wp.me\/pbkVhX-9b","_links":{"self":[{"href":"https:\/\/www.landofhope.org\/weblog\/wp-json\/wp\/v2\/posts\/569","targetHints":{"allow":["GET"]}}],"collection":[{"href":"https:\/\/www.landofhope.org\/weblog\/wp-json\/wp\/v2\/posts"}],"about":[{"href":"https:\/\/www.landofhope.org\/weblog\/wp-json\/wp\/v2\/types\/post"}],"author":[{"embeddable":true,"href":"https:\/\/www.landofhope.org\/weblog\/wp-json\/wp\/v2\/users\/1"}],"replies":[{"embeddable":true,"href":"https:\/\/www.landofhope.org\/weblog\/wp-json\/wp\/v2\/comments?post=569"}],"version-history":[{"count":8,"href":"https:\/\/www.landofhope.org\/weblog\/wp-json\/wp\/v2\/posts\/569\/revisions"}],"predecessor-version":[{"id":583,"href":"https:\/\/www.landofhope.org\/weblog\/wp-json\/wp\/v2\/posts\/569\/revisions\/583"}],"wp:featuredmedia":[{"embeddable":true,"href":"https:\/\/www.landofhope.org\/weblog\/wp-json\/wp\/v2\/media\/573"}],"wp:attachment":[{"href":"https:\/\/www.landofhope.org\/weblog\/wp-json\/wp\/v2\/media?parent=569"}],"wp:term":[{"taxonomy":"category","embeddable":true,"href":"https:\/\/www.landofhope.org\/weblog\/wp-json\/wp\/v2\/categories?post=569"},{"taxonomy":"post_tag","embeddable":true,"href":"https:\/\/www.landofhope.org\/weblog\/wp-json\/wp\/v2\/tags?post=569"}],"curies":[{"name":"wp","href":"https:\/\/api.w.org\/{rel}","templated":true}]}}