{"id":553,"date":"2019-07-26T21:33:36","date_gmt":"2019-07-26T21:33:36","guid":{"rendered":"https:\/\/landofhope.org\/weblog\/?p=553"},"modified":"2022-03-03T21:46:17","modified_gmt":"2022-03-03T21:46:17","slug":"la-educacion-en-valores-en-que-consiste","status":"publish","type":"post","link":"https:\/\/www.landofhope.org\/weblog\/2019\/07\/26\/la-educacion-en-valores-en-que-consiste\/","title":{"rendered":"La educaci\u00f3n en valores: \u00bfen qu\u00e9 consiste?"},"content":{"rendered":"\n<p class=\"has-medium-font-size\">Una forma de aprendizaje relacionada con la moral, la \u00e9tica, la empat\u00eda y el respeto a los dem\u00e1s.<\/p>\n\n\n\n<p class=\"has-medium-font-size\">Cuando pensamos en el significado de la palabra&nbsp;<em>educaci\u00f3n<\/em>, es muy probable que relacionemos esta palabra con la manera en la que las personas hacen suyas algunas normas y convenciones que mantienen unida a la sociedad, t\u00e9cnicas de trabajo y piezas de conocimiento sobre c\u00f3mo es el mundo.<\/p>\n\n\n\n<p class=\"has-medium-font-size\">Sin embargo,<strong>&nbsp;hay un tipo de educaci\u00f3n que va mucho m\u00e1s all\u00e1 de este aprendizaje t\u00e9cnico: la educaci\u00f3n en valores<\/strong>.<\/p>\n\n\n\n<p><\/p>\n\n\n\n<p class=\"has-text-color has-very-light-gray-color\">\n\n.\n\n<\/p>\n\n\n\n<h2 class=\"wp-block-heading\">\u00bfEn qu\u00e9 consiste educar en valores?<\/h2>\n\n\n\n<p class=\"has-medium-font-size\">El concepto de la educaci\u00f3n en valores es muy amplio, pero en t\u00e9rminos generales se refiere al&nbsp;<strong>conjunto de estrategias y de din\u00e1micas de relaciones que tienen como objetivo formar en civismo y en modelos de convivencia<\/strong>&nbsp;basados en el respeto y la empat\u00eda.<\/p>\n\n\n\n<p class=\"has-medium-font-size\">Eso significa que va mucho m\u00e1s all\u00e1 de la ense\u00f1anza de materias relacionadas con el funcionamiento de la naturaleza y de las sociedades. Si estas primeras materias nos hablan sobre el \u00abqu\u00e9\u00bb y sobre el \u00abc\u00f3mo\u00bb, la educaci\u00f3n en valores nos habla sobre el \u00abpara qu\u00e9\u00bb.<\/p>\n\n\n\n<p class=\"has-medium-font-size\">Como la educaci\u00f3n en valores&nbsp;<strong>est\u00e1 relacionada con la escala \u00e9tica&nbsp;y los valores que sirven para ordenar las prioridades<\/strong>, tambi\u00e9n influye sobre el modo en el que las personas se fijan objetivos que alcanzar mediante los conocimientos que aprenden en el resto de materias.<\/p>\n\n\n\n<p class=\"has-text-color has-very-light-gray-color\"><br>.<br><\/p>\n\n\n\n<p><\/p>\n\n\n\n<h2 class=\"wp-block-heading\">Temas tratados desde la educaci\u00f3n en valores<\/h2>\n\n\n\n<p class=\"has-medium-font-size\">Esta forma de educaci\u00f3n tiene abiertos diversos frentes sobre los que se intentar\u00e1 que los estudiantes (o, m\u00e1s bien, aprendices) reflexionen y debatan. Estos son los principales:<\/p>\n\n\n\n<h3 class=\"wp-block-heading\">La empat\u00eda<\/h3>\n\n\n\n<p class=\"has-medium-font-size\">Aunque pueda parecerlo en un principio, educar en valores no consiste en ense\u00f1ar cu\u00e1les son las leyes y las costumbres por las que se rige la sociedad: alguien con fuertes rasgos psicop\u00e1ticos tambi\u00e9n ser\u00eda capaz de hacer eso. Educar en valores consiste, entre otras cosas, de asumir una escala \u00e9tica en la que&nbsp;<strong>el compromiso con la sociedad y la empat\u00eda<\/strong>&nbsp;ayudan a definir los objetivos de nuestras acciones.<\/p>\n\n\n\n<p class=\"has-medium-font-size\">El hecho de ponerse en el lugar del otro tanto cognitiva como emocionalmente mejora la capacidad para gestionar conflictos y comprender puntos de vista distintos.<\/p>\n\n\n\n<h3 class=\"wp-block-heading\">Los c\u00edrculos \u00e9ticos<\/h3>\n\n\n\n<p style=\"text-align:left\" class=\"has-medium-font-size\">Desde la educaci\u00f3n en valores se reflexiona tambi\u00e9n acerca de cu\u00e1l es la amplitud de nuestros c\u00edrculos \u00e9ticos, es decir,&nbsp;<strong>aquellos colectivos que incluyen a individuos, grupos y elementos que deben ser protegidos<\/strong>&nbsp;especialmente.<\/p>\n\n\n\n<p class=\"has-medium-font-size\">El respeto hacia los animales tambi\u00e9n es un tema que se aborda desde aqu\u00ed, y puede servir para generar reflexiones sobre los derechos de las formas de vida no humanas.<\/p>\n\n\n\n<h3 class=\"wp-block-heading\">La preservaci\u00f3n del medio ambiente<\/h3>\n\n\n\n<p class=\"has-medium-font-size\">El medio ambiente no solo es un conjunto de recursos, tambi\u00e9n es nuestro h\u00e1bitat, y necesita protecci\u00f3n conjunta. Es por eso que&nbsp;<strong>la relaci\u00f3n que se tiene con la naturaleza es fundamental<\/strong>en la educaci\u00f3n en valores; por un lado, anima a pensar en un problema que debe ser abordado conjuntamente y que por eso depende de un compromiso c\u00edvico y conjunto, y por el otro permite desarrollar una sensibilidad hacia problemas que van mucho m\u00e1s all\u00e1 de uno mismo e incluso m\u00e1s all\u00e1 de las personas que uno conoce y aprecia.<\/p>\n\n\n\n<h3 class=\"wp-block-heading\">La detecci\u00f3n de las necesidades especiales<\/h3>\n\n\n\n<p class=\"has-medium-font-size\">Saber detectar situaciones personales o colectivas en las que se est\u00e1 en desventaja es fundamental para desarrollar sensibilidad hacia cierto tipo de reivindicaciones que para nosotros no tendr\u00edan demasiada importancia al no estar directamente afectados. Es el caso de las necesidades de minor\u00edas \u00e9tnicas o de homosexuales discriminados por la ley y por el trato.<\/p>\n\n\n\n<p class=\"has-text-color has-very-light-gray-color\">\n\n.\n\n<\/p>\n\n\n\n<h2 class=\"wp-block-heading\">\u00bfC\u00f3mo desarrollar educaci\u00f3n en valores?<\/h2>\n\n\n\n<p class=\"has-medium-font-size\">La educaci\u00f3n en valores no es simplemente una asignatura concreta que deba impartirse en centros educativos; debe ser transversal y afectar a la manera de hacer no solo de todo el profesorado en su conjunto, sino tambi\u00e9n al modo en el que act\u00faa toda la instituci\u00f3n educativa, los padres, madres y tutores y, en general, la comunidad.<strong>&nbsp;Al ser algo que se interioriza con la pr\u00e1ctica, no existe una divisi\u00f3n entre lo que ocurre dentro de las aulas y lo que pasa fuera de ellas<\/strong>.<\/p>\n\n\n\n<p class=\"has-medium-font-size\">Algunas estrategias para educar en valores son las siguientes:<\/p>\n\n\n\n<ul class=\"wp-block-list\"><li>Rechazar formas de discriminaci\u00f3n.<\/li><li>Potenciar&nbsp;formas de liderazgo&nbsp;no basadas en la ostentaci\u00f3n del poder.<\/li><li>Invitar al debate filos\u00f3fico sobre dilemas morales.<\/li><li>Se\u00f1alar los comportamientos perjudiciales para el conjunto sin estigmatizar a las personas.<\/li><li>Enfatizar el principio de que las personas pueden cambiar.<\/li><li>Proponer ejercicios pr\u00e1cticos conjuntos en los que hay que tomar decisiones en tiempo real.<\/li><li>Por encima de todo, predicar con el ejemplo.<\/li><\/ul>\n\n\n\n<p class=\"has-text-color has-very-light-gray-color\">\n\n.\n\n<\/p>\n\n\n\n<h2 class=\"wp-block-heading\">Concluyendo<\/h2>\n\n\n\n<p class=\"has-medium-font-size\">La educaci\u00f3n en valores puede parecer un concepto relativamente nuevo que solo pod\u00eda ser creado en las sociedades pr\u00f3speras de la actualidad, pero lo cierto es que fil\u00f3sofos como&nbsp;S\u00f3crates&nbsp;ya defend\u00edan la idea de que uno de los pilares fundamentales de la educaci\u00f3n es el objetivo de crear buenos ciudadanos.<\/p>\n\n\n\n<p class=\"has-medium-font-size\">En cierto modo,&nbsp;<strong>es una educaci\u00f3n basada en la&nbsp;filosof\u00eda de la moral<\/strong>: ayuda a que&nbsp;reflexionemos sobre nuestras motivaciones&nbsp;y sobre lo apropiado de establecer metas de una u otra forma, teniendo en cuenta el impacto que tendr\u00e1 eso para uno mismo, pero tambi\u00e9n para los dem\u00e1s.<\/p>\n\n\n\n<p><\/p>\n\n\n\n<p style=\"font-size:10px\">Fuente:&nbsp;https:\/\/psicologiaymente.com\/desarrollo\/educacion-valores<\/p>\n","protected":false},"excerpt":{"rendered":"<p>Una forma de aprendizaje relacionada con la moral, la \u00e9tica, la empat\u00eda y el respeto a los dem\u00e1s. Cuando pensamos en el significado de la palabra&nbsp;educaci\u00f3n, es muy probable que relacionemos esta palabra con la manera en la que las personas hacen suyas algunas normas y convenciones que mantienen unida a la sociedad, t\u00e9cnicas de [&hellip;]<\/p>\n","protected":false},"author":1,"featured_media":726,"comment_status":"open","ping_status":"open","sticky":false,"template":"","format":"standard","meta":{"_jetpack_memberships_contains_paid_content":false,"footnotes":""},"categories":[6],"tags":[],"class_list":["post-553","post","type-post","status-publish","format-standard","has-post-thumbnail","hentry","category-educacion-en-valores"],"jetpack_featured_media_url":"https:\/\/www.landofhope.org\/weblog\/wp-content\/uploads\/2019\/07\/EducarEnValores.jpg","jetpack_sharing_enabled":true,"jetpack-related-posts":[],"jetpack_shortlink":"https:\/\/wp.me\/pbkVhX-8V","_links":{"self":[{"href":"https:\/\/www.landofhope.org\/weblog\/wp-json\/wp\/v2\/posts\/553","targetHints":{"allow":["GET"]}}],"collection":[{"href":"https:\/\/www.landofhope.org\/weblog\/wp-json\/wp\/v2\/posts"}],"about":[{"href":"https:\/\/www.landofhope.org\/weblog\/wp-json\/wp\/v2\/types\/post"}],"author":[{"embeddable":true,"href":"https:\/\/www.landofhope.org\/weblog\/wp-json\/wp\/v2\/users\/1"}],"replies":[{"embeddable":true,"href":"https:\/\/www.landofhope.org\/weblog\/wp-json\/wp\/v2\/comments?post=553"}],"version-history":[{"count":13,"href":"https:\/\/www.landofhope.org\/weblog\/wp-json\/wp\/v2\/posts\/553\/revisions"}],"predecessor-version":[{"id":731,"href":"https:\/\/www.landofhope.org\/weblog\/wp-json\/wp\/v2\/posts\/553\/revisions\/731"}],"wp:featuredmedia":[{"embeddable":true,"href":"https:\/\/www.landofhope.org\/weblog\/wp-json\/wp\/v2\/media\/726"}],"wp:attachment":[{"href":"https:\/\/www.landofhope.org\/weblog\/wp-json\/wp\/v2\/media?parent=553"}],"wp:term":[{"taxonomy":"category","embeddable":true,"href":"https:\/\/www.landofhope.org\/weblog\/wp-json\/wp\/v2\/categories?post=553"},{"taxonomy":"post_tag","embeddable":true,"href":"https:\/\/www.landofhope.org\/weblog\/wp-json\/wp\/v2\/tags?post=553"}],"curies":[{"name":"wp","href":"https:\/\/api.w.org\/{rel}","templated":true}]}}