{"id":109,"date":"2018-03-14T17:09:30","date_gmt":"2018-03-14T17:09:30","guid":{"rendered":"https:\/\/landofhope.org\/weblog\/?p=109"},"modified":"2025-03-07T23:40:09","modified_gmt":"2025-03-07T23:40:09","slug":"jose-maria-del-corral-los-colegios-no-pueden-ser-jaulas","status":"publish","type":"post","link":"https:\/\/www.landofhope.org\/weblog\/2018\/03\/14\/jose-maria-del-corral-los-colegios-no-pueden-ser-jaulas\/","title":{"rendered":"JOS\u00c9 MAR\u00cdA DEL CORRAL: \u00abLOS COLEGIOS NO PUEDEN SER JAULAS\u00bb"},"content":{"rendered":"<p>A\u00a0<strong>Jos\u00e9 Mar\u00eda del Corral<\/strong>\u00a0lo echaron de siete colegios porque era un ni\u00f1o \u00abtravieso\u00bb e \u00abinconformista\u00bb. No paraba quieto. Hoy es el director mundial de\u00a0<a href=\"http:\/\/web.scholasoccurrentes.org\/es\/\" target=\"_blank\" rel=\"nofollow noopener\">Scholas<\/a>, una organizaci\u00f3n educativa impulsada por el\u00a0<strong>Papa Francisco<\/strong>\u00a0presente en m\u00e1s de 400.000 escuelas de 190 pa\u00edses, pero sigue revolvi\u00e9ndose inquieto en la silla cuando tiene que pasar mucho tiempo entre las cuatro paredes de un aula tradicional. Su tarea consiste, de hecho, en levantar a los estudiantes del pupitre y llevarlos a la calle, hacer que se mezclen entre ellos.<\/p>\n<p>Este pedagogo y te\u00f3logo argentino, amigo de Bergoglio, explica a EL MUNDO que \u00ablos colegios terminan siendo jaulas que obligan a los chicos a quedarse quietos y asentados\u00bb. Tambi\u00e9n cree que \u00ab<strong>la educaci\u00f3n ha perdido su sentido<\/strong>, se ha vaciado\u00bb. \u00abLos chicos se sienten cosas, y no personas, porque les ense\u00f1an a estar callados; a ser uniformes; a competir y no a buscar lo propio; a estudiar de memoria para un examen que no tiene que ver con la realidad&#8230;\u00bb.<\/p>\n<p>Para darle la vuelta a todo esto, se puso a juntar estudiantes de distintas religiones y entornos socioecon\u00f3micos diferentes para hablar de los problemas de la escuela y buscar soluciones concretas. La llama que prendi\u00f3 en\u00a0<strong>Buenos Aires<\/strong>\u00a0hace ya 20 a\u00f1os se ha extendido a Brasil, Paraguay, Hait\u00ed o Emiratos \u00c1rabes. Desde enero, el proyecto Scholas Ciudadan\u00eda est\u00e1 en\u00a0<strong>Espa\u00f1a<\/strong>.<\/p>\n<p>Hay\u00a0<strong>350 estudiantes<\/strong>\u00a0de 16 a\u00f1os de\u00a0<strong>21 centros p\u00fablicos, concertados y privados<\/strong>\u00a0de la Comunidad de Madrid que, durante este semana, no van a poder ir a clase porque est\u00e1n cambiando el mundo. Estos alumnos de\u00a0<strong>4\u00ba de la ESO<\/strong>\u00a0llevan desde ayer reunidos en grupos para proponer una reforma del sistema educativo. All\u00e1 donde no han llegado ni\u00a0<strong>Gabilondo<\/strong>, ni\u00a0<strong>Wert<\/strong>, ni las asociaciones de padres, ni los sindicatos, adolescentes como<strong>\u00a0Paz<\/strong>,<strong>\u00a0Sergio<\/strong>,\u00a0<strong>Marina<\/strong>,\u00a0<strong>Noelia<\/strong>\u00a0o\u00a0<strong>Pablo<\/strong>\u00a0van a alcanzar antes del viernes su propio Pacto de Estado.<\/p>\n<p>Porque ser\u00e1 el viernes, ante las\u00a0<strong>autoridades educativas\u00a0<\/strong>del Gobierno madrile\u00f1o, cuando presenten un texto consensuados respecto a los dos problemas que, de forma m\u00e1s intensa, han detectado en sus escuelas. \u00bfSon las rev\u00e1lidas? No. Los problemas que estos j\u00f3venes creen mayoritariamente que hay que resolver cuanto antes son las\u00a0<strong>adicciones<\/strong>\u00a0y la<strong>\u00a0violencia de g\u00e9nero<\/strong>, dos cuestiones ausentes en la agenda educativa.<\/p>\n<p>\u00bfQue la violencia de g\u00e9nero es un problema en las escuelas? Responde la alumna<strong>Paz S\u00e1nchez Cuesta<\/strong>, de 16 a\u00f1os: \u00abLo he visto en muchas amigas. Los novios les controlan el m\u00f3vil y no las dejan quedar con nosotras. Tengo una amiga que empez\u00f3 a salir con un chico que le dec\u00eda que no se pusiera pantalones cortos. Tampoco le dejaba hablar con otros chicos. Le empez\u00f3 a hacer sentir que sin \u00e9l no era nada. Tuvo que intervenir la polic\u00eda\u00bb.<\/p>\n<p>Jos\u00e9 Mar\u00eda del Corral ratifica las palabras de Paz: \u00abSon los propios estudiantes los que ven que ha aumentado este problema. Hay chicas que cuentan que sus novios les pegan;<strong>\u00a0no es mentira, est\u00e1 ocurriendo<\/strong>. La Iglesia tiene mucho que trabajo por hacer en este tema\u00bb.<\/p>\n<p>Entre hoy y el jueves, los estudiantes que participan en Scholas Ciudadan\u00eda recopilar\u00e1n informaci\u00f3n, saldr\u00e1n a la calle para preguntar a la gente y hablar\u00e1n con expertos. El viernes presentar\u00e1n sus soluciones ante las autoridades educativas del Gobierno regional.<\/p>\n<p>\u00bfQu\u00e9 efectos produce todo esto en ellos? \u00abSi digo que ha salvado vidas no exagero\u00bb, responde Del Corral. \u00abPero tambi\u00e9n genera autoestima y despierta la esperanza. Les damos el micr\u00f3fono y les escuchamos y los chicos recuperan la confianza en s\u00ed mismos y empiezan a pesar que el mundo puede cambiar\u00bb.<\/p>\n<p>Ahora que est\u00e1n tan de moda los pactos, Del Corral sostiene que \u00abel cambio educativo no va a venir por una ley ni por un nuevo ministro de Educaci\u00f3n\u00bb. \u00bfQu\u00e9 consejos le dar\u00eda a<a href=\"http:\/\/www.elmundo.es\/sociedad\/2016\/09\/19\/57ded852ca4741426e8b45bd.html\" target=\"_blank\" rel=\"noopener\">\u00a0\u00cd\u00f1igo M\u00e9ndez de Vigo<\/a>? \u00abEn primer lugar, que venga el viernes y escuche lo que tienen que decir los chicos.En segundo, que no haga una reforma educativa s\u00f3lo desde el Ministerio, sino que implique a todos los actores educativos. En tercero, que sepa que los j\u00f3venes son protagonistas de este cambio. No es que ellos sean el futuro, es que son el presente\u00bb.<\/p>\n<p>&nbsp;<\/p>\n<p>Fuente: <a href=\"http:\/\/www.elmundo.es\/sociedad\/2016\/11\/15\/582a011746163f0d038b459a.html\">EL MUNDO<\/a><\/p>\n","protected":false},"excerpt":{"rendered":"<p>A\u00a0Jos\u00e9 Mar\u00eda del Corral\u00a0lo echaron de siete colegios porque era un ni\u00f1o \u00abtravieso\u00bb e \u00abinconformista\u00bb. No paraba quieto. Hoy es el director mundial de\u00a0Scholas, una organizaci\u00f3n educativa impulsada por el\u00a0Papa Francisco\u00a0presente en m\u00e1s de 400.000 escuelas de 190 pa\u00edses, pero sigue revolvi\u00e9ndose inquieto en la silla cuando tiene que pasar mucho tiempo entre las cuatro [&hellip;]<\/p>\n","protected":false},"author":1,"featured_media":110,"comment_status":"open","ping_status":"open","sticky":false,"template":"","format":"standard","meta":{"_jetpack_memberships_contains_paid_content":false,"footnotes":""},"categories":[2,3,4,5,6,11,16],"tags":[],"class_list":["post-109","post","type-post","status-publish","format-standard","has-post-thumbnail","hentry","category-argentina","category-derechos-humanos","category-educacion","category-educacion-emocional","category-educacion-en-valores","category-infancia","category-objetivos-del-milenio"],"jetpack_featured_media_url":"https:\/\/www.landofhope.org\/weblog\/wp-content\/uploads\/2018\/04\/14791477071310.jpg","jetpack_sharing_enabled":true,"jetpack-related-posts":[],"jetpack_shortlink":"https:\/\/wp.me\/pbkVhX-1L","_links":{"self":[{"href":"https:\/\/www.landofhope.org\/weblog\/wp-json\/wp\/v2\/posts\/109","targetHints":{"allow":["GET"]}}],"collection":[{"href":"https:\/\/www.landofhope.org\/weblog\/wp-json\/wp\/v2\/posts"}],"about":[{"href":"https:\/\/www.landofhope.org\/weblog\/wp-json\/wp\/v2\/types\/post"}],"author":[{"embeddable":true,"href":"https:\/\/www.landofhope.org\/weblog\/wp-json\/wp\/v2\/users\/1"}],"replies":[{"embeddable":true,"href":"https:\/\/www.landofhope.org\/weblog\/wp-json\/wp\/v2\/comments?post=109"}],"version-history":[{"count":1,"href":"https:\/\/www.landofhope.org\/weblog\/wp-json\/wp\/v2\/posts\/109\/revisions"}],"predecessor-version":[{"id":111,"href":"https:\/\/www.landofhope.org\/weblog\/wp-json\/wp\/v2\/posts\/109\/revisions\/111"}],"wp:featuredmedia":[{"embeddable":true,"href":"https:\/\/www.landofhope.org\/weblog\/wp-json\/wp\/v2\/media\/110"}],"wp:attachment":[{"href":"https:\/\/www.landofhope.org\/weblog\/wp-json\/wp\/v2\/media?parent=109"}],"wp:term":[{"taxonomy":"category","embeddable":true,"href":"https:\/\/www.landofhope.org\/weblog\/wp-json\/wp\/v2\/categories?post=109"},{"taxonomy":"post_tag","embeddable":true,"href":"https:\/\/www.landofhope.org\/weblog\/wp-json\/wp\/v2\/tags?post=109"}],"curies":[{"name":"wp","href":"https:\/\/api.w.org\/{rel}","templated":true}]}}